{"id":1704,"date":"2018-06-06T01:35:26","date_gmt":"2018-06-06T01:35:26","guid":{"rendered":"http:\/\/oscarayala.com\/p\/?p=1704"},"modified":"2018-07-25T22:27:08","modified_gmt":"2018-07-25T22:27:08","slug":"summa-pictorica","status":"publish","type":"post","link":"https:\/\/oscarayala.com\/p\/2018\/06\/06\/summa-pictorica\/","title":{"rendered":"Summa Pict\u00f3rica"},"content":{"rendered":"<p><img fetchpriority=\"high\" decoding=\"async\" class=\"size-full wp-image-1705 aligncenter\" src=\"http:\/\/oscarayala.com\/p\/wp-content\/uploads\/2018\/06\/postal-summa-pctorica.jpg\" alt=\"\" width=\"3780\" height=\"3033\" srcset=\"https:\/\/oscarayala.com\/p\/wp-content\/uploads\/2018\/06\/postal-summa-pctorica.jpg 3780w, https:\/\/oscarayala.com\/p\/wp-content\/uploads\/2018\/06\/postal-summa-pctorica-300x241.jpg 300w, https:\/\/oscarayala.com\/p\/wp-content\/uploads\/2018\/06\/postal-summa-pctorica-768x616.jpg 768w, https:\/\/oscarayala.com\/p\/wp-content\/uploads\/2018\/06\/postal-summa-pctorica-1024x822.jpg 1024w\" sizes=\"(max-width: 3780px) 100vw, 3780px\" \/><\/p>\n<p>En el <a href=\"http:\/\/colectivoartecultura.org\/?section=grupos-de-estudio&amp;tag=pintura-sin-titulo\" target=\"_blank\" rel=\"noopener\">Grupo de Estudio \u201cPintura Sin T\u00edtulo\u201d<\/a> (Julio C\u00e9sar Cuitiva, Oscar Ayala, Ana Mar\u00eda D\u00e1vila, Andr\u00e9s Camilo Ibarra, Edward Oviedo) hemos decidido hablar de pintura. As\u00ed parezca reiterativo afirmarlo -porque el grupo que nos convoca tiene la pintura en su t\u00edtulo-, es importante hacer una afirmaci\u00f3n con este car\u00e1cter, ya que en los tiempos que ahora nos circundan es usual escuchar que la pintura (o el arte mismo) ha muerto. Quisimos empezar a hablar sobre la pintura, no s\u00f3lo para intentar rebatir ideas como estas, sino porque, en el fuero interno de cada uno de nosotros -y esperamos que el fuero interno de cada uno de lo que se acerquen a ver lo que est\u00e1 pintado-, la pintura y lo que ella representa, no ha perdido nunca su consideraci\u00f3n vital. Podemos decir en ese sentido que, cada uno de los que integra este grupo de estudio, piensa y siente la pintura como un elemento constitutivo de su persona, puesto que, sin ella, no podr\u00edan estar, no podr\u00edan ser. As\u00ed de simple.<\/p>\n<p>Pensar la pintura es y ser\u00e1 siempre un reto. Desde que Zeuxis disput\u00f3 con Parrasio, la pintura ha luchado por representar (y por presentar) el mundo que nos rodea y por contar las maneras con las cuales entendemos ese mundo. Nosotros quisimos disputar con la pintura misma y retarnos en conversaci\u00f3n con uno de los m\u00e1s enconados debates en torno a ella: la figuraci\u00f3n y la no figuraci\u00f3n (entendida tambi\u00e9n como abstracci\u00f3n). Desde que empezamos nuestros encuentros, hemos puesto en duda las certezas de lo que hace la pintura, llegando a pensar que la pintura es un ejercicio \u00fanico de no figuraci\u00f3n.<\/p>\n<p>Y esto es debido a que los problemas \u2013si se quiere \u201ct\u00e9cnicos\u201d- de la pintura, est\u00e1n supeditados a un \u00fanico gesto que s\u00f3lo es perceptible en una escala microsc\u00f3pica. Es en el juego de la distancia, que va de lo m\u00e1s cerca a lo m\u00e1s lejos y de lo m\u00e1s lejos a lo m\u00e1s cerca, d\u00f3nde la pintura se nos muestra como es y d\u00f3nde se disipan todos los rastros que nos permiten reconocer en lo pintado, \u201calgo\u201d con lo que nos encontramos a menudo en nuestro d\u00eda a d\u00eda: todo lo que representa la pintura (el retrato, la naturaleza muerta, el paisaje, el tema) se presenta como pigmentos esparcidos en una superficie con el solo hecho de acercar la mirada.<\/p>\n<p>De eso es lo que queremos conversar y discutir. Ver como percibimos los medios de un entorno, como tomamos conciencia de la materialidad de la superficie, como el color habla de temperatura, como la llamada figuraci\u00f3n se tensa desde una figuraci\u00f3n primitiva, como la pintura nos deja algo.<\/p>\n<p>SUMMA PICT\u00d3RICA es el compendio de lo que pensamos nosotros sobre lo que es pintura. Es nuestra disputa.<\/p>\n<p>Sala de Exposiciones Dar\u00edo Jim\u00e9nez, Centro Cultural, Universidad del Tolima, 31 de mayo al 20 de junio de 2018.<\/p>\n<p><iframe width=\"560\" height=\"315\" src=\"https:\/\/www.youtube.com\/embed\/plBOoZpOLUU\" frameborder=\"0\" allow=\"autoplay; encrypted-media\" allowfullscreen><\/iframe><\/p>\n<p>&nbsp;<\/p>\n","protected":false},"excerpt":{"rendered":"<p>En el Grupo de Estudio \u201cPintura Sin T\u00edtulo\u201d (Julio C\u00e9sar Cuitiva, Oscar Ayala, Ana Mar\u00eda D\u00e1vila, Andr\u00e9s Camilo Ibarra, Edward Oviedo) hemos decidido hablar de pintura. As\u00ed parezca reiterativo afirmarlo -porque el grupo que nos convoca tiene la pintura en su t\u00edtulo-, es importante hacer una afirmaci\u00f3n con este car\u00e1cter, ya que en los tiempos&#8230;<\/p>\n","protected":false},"author":1,"featured_media":1707,"comment_status":"closed","ping_status":"closed","sticky":false,"template":"","format":"standard","meta":{"_uag_custom_page_level_css":"","_kad_post_transparent":"","_kad_post_title":"","_kad_post_layout":"","_kad_post_sidebar_id":"","_kad_post_content_style":"","_kad_post_vertical_padding":"","_kad_post_feature":"","_kad_post_feature_position":"","_kad_post_header":false,"_kad_post_footer":false,"_kad_post_classname":"","footnotes":""},"categories":[6],"tags":[],"class_list":["post-1704","post","type-post","status-publish","format-standard","has-post-thumbnail","hentry","category-exposiciones"],"uagb_featured_image_src":{"full":["https:\/\/oscarayala.com\/p\/wp-content\/uploads\/2018\/06\/postal-summa-pctorica-web-e1528851694929.jpg",500,253,false],"thumbnail":["https:\/\/oscarayala.com\/p\/wp-content\/uploads\/2018\/06\/postal-summa-pctorica-web-e1528851694929-150x150.jpg",150,150,true],"medium":["https:\/\/oscarayala.com\/p\/wp-content\/uploads\/2018\/06\/postal-summa-pctorica-web-e1528851694929-300x152.jpg",300,152,true],"medium_large":["https:\/\/oscarayala.com\/p\/wp-content\/uploads\/2018\/06\/postal-summa-pctorica-web-768x617.jpg",768,617,true],"large":["https:\/\/oscarayala.com\/p\/wp-content\/uploads\/2018\/06\/postal-summa-pctorica-web-e1528851694929.jpg",500,253,false],"1536x1536":["https:\/\/oscarayala.com\/p\/wp-content\/uploads\/2018\/06\/postal-summa-pctorica-web-e1528851694929.jpg",500,253,false],"2048x2048":["https:\/\/oscarayala.com\/p\/wp-content\/uploads\/2018\/06\/postal-summa-pctorica-web-e1528851694929.jpg",500,253,false],"slide-thumbnail":["https:\/\/oscarayala.com\/p\/wp-content\/uploads\/2018\/06\/postal-summa-pctorica-web-e1528851694929.jpg",500,253,false]},"uagb_author_info":{"display_name":"Oscar Ayala","author_link":"https:\/\/oscarayala.com\/p\/author\/oscarwp\/"},"uagb_comment_info":0,"uagb_excerpt":"En el Grupo de Estudio \u201cPintura Sin T\u00edtulo\u201d (Julio C\u00e9sar Cuitiva, Oscar Ayala, Ana Mar\u00eda D\u00e1vila, Andr\u00e9s Camilo Ibarra, Edward Oviedo) hemos decidido hablar de pintura. As\u00ed parezca reiterativo afirmarlo -porque el grupo que nos convoca tiene la pintura en su t\u00edtulo-, es importante hacer una afirmaci\u00f3n con este car\u00e1cter, ya que en los tiempos...","_links":{"self":[{"href":"https:\/\/oscarayala.com\/p\/wp-json\/wp\/v2\/posts\/1704","targetHints":{"allow":["GET"]}}],"collection":[{"href":"https:\/\/oscarayala.com\/p\/wp-json\/wp\/v2\/posts"}],"about":[{"href":"https:\/\/oscarayala.com\/p\/wp-json\/wp\/v2\/types\/post"}],"author":[{"embeddable":true,"href":"https:\/\/oscarayala.com\/p\/wp-json\/wp\/v2\/users\/1"}],"replies":[{"embeddable":true,"href":"https:\/\/oscarayala.com\/p\/wp-json\/wp\/v2\/comments?post=1704"}],"version-history":[{"count":3,"href":"https:\/\/oscarayala.com\/p\/wp-json\/wp\/v2\/posts\/1704\/revisions"}],"predecessor-version":[{"id":1712,"href":"https:\/\/oscarayala.com\/p\/wp-json\/wp\/v2\/posts\/1704\/revisions\/1712"}],"wp:featuredmedia":[{"embeddable":true,"href":"https:\/\/oscarayala.com\/p\/wp-json\/wp\/v2\/media\/1707"}],"wp:attachment":[{"href":"https:\/\/oscarayala.com\/p\/wp-json\/wp\/v2\/media?parent=1704"}],"wp:term":[{"taxonomy":"category","embeddable":true,"href":"https:\/\/oscarayala.com\/p\/wp-json\/wp\/v2\/categories?post=1704"},{"taxonomy":"post_tag","embeddable":true,"href":"https:\/\/oscarayala.com\/p\/wp-json\/wp\/v2\/tags?post=1704"}],"curies":[{"name":"wp","href":"https:\/\/api.w.org\/{rel}","templated":true}]}}